{"id":1405,"date":"2025-04-10T19:56:03","date_gmt":"2025-04-10T19:56:03","guid":{"rendered":"https:\/\/taniec-nowoczesny.pl\/?p=1405"},"modified":"2025-04-10T19:56:04","modified_gmt":"2025-04-10T19:56:04","slug":"rejestracja-na-mistrzostwa-europy-informacja-dla-klubow","status":"publish","type":"post","link":"https:\/\/taniec-nowoczesny.pl\/?p=1405","title":{"rendered":"REJESTRACJA NA MISTRZOSTWA EUROPY \u2013 INFORMACJA DLA KLUB\u00d3W"},"content":{"rendered":"\n<p>REJESTRACJA NA MISTRZOSTWA EUROPY \u2013 INFORMACJA DLA KLUB\u00d3W<\/p>\n\n\n\n<p>Szanowni Pa\u0144stwo,<\/p>\n\n\n\n<p>Uprzejmie informujemy, \u017ce rozpocz\u0119\u0142a si\u0119 rejestracja prezentacji na Mistrzostwa Europy, kt\u00f3ra odbywa si\u0119 za po\u015brednictwem kalendarza Polskiego Zwi\u0105zku Sportu Tanecznego (PZST).<\/p>\n\n\n\n<p>Rejestracji mo\u017cna dokonywa\u0107 wy\u0142\u0105cznie w odniesieniu do prezentacji nominowanych w odpowiednich kategoriach i stylach.<\/p>\n\n\n\n<p>WA\u017bNE INFORMACJE ORGANIZACYJNE:<\/p>\n\n\n\n<p>1. Zmiana sk\u0142adu zespo\u0142u<\/p>\n\n\n\n<p>W przypadku dokonania zmian w sk\u0142adzie kt\u00f3regokolwiek z nominowanych zespo\u0142\u00f3w, nale\u017cy:<\/p>\n\n\n\n<p>usun\u0105\u0107 dany zesp\u00f3\u0142 z bazy uczestnik\u00f3w w systemach ZTN oraz PZST,<\/p>\n\n\n\n<p>ponownie doda\u0107 zesp\u00f3\u0142 (z zachowaniem tej samej nazwy), uwzgl\u0119dniaj\u0105c aktualny sk\u0142ad,<\/p>\n\n\n\n<p>odczeka\u0107 24 godziny na synchronizacj\u0119 baz danych.<\/p>\n\n\n\n<p>Dopiero po tym czasie mo\u017cliwa b\u0119dzie rejestracja prezentacji na Mistrzostwa Europy.<\/p>\n\n\n\n<p>2. Zgodno\u015b\u0107 nazw i sk\u0142ad\u00f3w<\/p>\n\n\n\n<p>Nazwy prezentacji musz\u0105 by\u0107 identyczne z tymi, kt\u00f3re zosta\u0142y zg\u0142oszone w nominacjach. Do bazy WDSF wprowadzane s\u0105 dok\u0142adnie te nazwy i sk\u0142ady, kt\u00f3re zosta\u0142y przekazane przez Zwi\u0105zek w oficjalnym pliku nominacyjnym.<\/p>\n\n\n\n<p>3. Weryfikacja licencji zawodnik\u00f3w<\/p>\n\n\n\n<p>Przypominamy, \u017ce niekt\u00f3re osoby dodane do sk\u0142ad\u00f3w jako zamiennicy nie posiadaj\u0105 aktualnej licencji Polskiego Zwi\u0105zku Sportu Tanecznego.<\/p>\n\n\n\n<p>Zespo\u0142y, kt\u00f3re wprowadza\u0142y zmiany, proszone s\u0105 o niezw\u0142oczne sprawdzenie, czy wszyscy zawodnicy posiadaj\u0105 wa\u017cn\u0105 licencj\u0119 PZST.<\/p>\n\n\n\n<p>E-karta WDSF nie jest wystarczaj\u0105ca \u2013 konieczne jest posiadanie wa\u017cnej licencji krajowej.<\/p>\n\n\n\n<p>REJESTRACJA:<\/p>\n\n\n\n<p>Po dokonaniu wszystkich niezb\u0119dnych aktualizacji w bazach ZTN i PZST, nale\u017cy przyst\u0105pi\u0107 do rejestracji prezentacji poprzez kalendarz PZST, dost\u0119pny pod poni\u017cszym linkiem:<\/p>\n\n\n\n<p>Link do rejestracji<\/p>\n\n\n\n<p>Oficjalna strona Mistrzostw Europy:<\/p>\n\n\n\n<figure class=\"wp-block-embed\"><div class=\"wp-block-embed__wrapper\">\nhttps:\/\/mistrzostwa.swiatowid.elblag.pl\n<\/div><\/figure>\n\n\n\n<p>W razie dodatkowych pyta\u0144 lub w\u0105tpliwo\u015bci prosimy o kontakt z biurem Polskiego Zwi\u0105zku Sportu Tanecznego.<\/p>\n\n\n\n<p>Z tanecznym pozdrowieniem,<\/p>\n\n\n\n<p>Zarz\u0105d Zwi\u0105zku Ta\u0144ca Nowoczesnego<\/p>\n","protected":false},"excerpt":{"rendered":"<p>REJESTRACJA NA MISTRZOSTWA EUROPY \u2013 INFORMACJA DLA KLUB\u00d3W Szanowni Pa\u0144stwo, Uprzejmie informujemy, \u017ce rozpocz\u0119\u0142a si\u0119 rejestracja prezentacji na Mistrzostwa Europy, kt\u00f3ra odbywa si\u0119 za po\u015brednictwem kalendarza Polskiego Zwi\u0105zku Sportu Tanecznego (PZST). Rejestracji mo\u017cna dokonywa\u0107 wy\u0142\u0105cznie w odniesieniu do prezentacji nominowanych w odpowiednich kategoriach i stylach. WA\u017bNE INFORMACJE ORGANIZACYJNE: 1. Zmiana sk\u0142adu zespo\u0142u W przypadku dokonania [&hellip;]<\/p>\n","protected":false},"author":1,"featured_media":1406,"comment_status":"open","ping_status":"open","sticky":false,"template":"","format":"standard","meta":{"footnotes":""},"categories":[1],"tags":[],"class_list":["post-1405","post","type-post","status-publish","format-standard","has-post-thumbnail","hentry","category-uncategorized"],"_links":{"self":[{"href":"https:\/\/taniec-nowoczesny.pl\/index.php?rest_route=\/wp\/v2\/posts\/1405","targetHints":{"allow":["GET"]}}],"collection":[{"href":"https:\/\/taniec-nowoczesny.pl\/index.php?rest_route=\/wp\/v2\/posts"}],"about":[{"href":"https:\/\/taniec-nowoczesny.pl\/index.php?rest_route=\/wp\/v2\/types\/post"}],"author":[{"embeddable":true,"href":"https:\/\/taniec-nowoczesny.pl\/index.php?rest_route=\/wp\/v2\/users\/1"}],"replies":[{"embeddable":true,"href":"https:\/\/taniec-nowoczesny.pl\/index.php?rest_route=%2Fwp%2Fv2%2Fcomments&post=1405"}],"version-history":[{"count":1,"href":"https:\/\/taniec-nowoczesny.pl\/index.php?rest_route=\/wp\/v2\/posts\/1405\/revisions"}],"predecessor-version":[{"id":1407,"href":"https:\/\/taniec-nowoczesny.pl\/index.php?rest_route=\/wp\/v2\/posts\/1405\/revisions\/1407"}],"wp:featuredmedia":[{"embeddable":true,"href":"https:\/\/taniec-nowoczesny.pl\/index.php?rest_route=\/wp\/v2\/media\/1406"}],"wp:attachment":[{"href":"https:\/\/taniec-nowoczesny.pl\/index.php?rest_route=%2Fwp%2Fv2%2Fmedia&parent=1405"}],"wp:term":[{"taxonomy":"category","embeddable":true,"href":"https:\/\/taniec-nowoczesny.pl\/index.php?rest_route=%2Fwp%2Fv2%2Fcategories&post=1405"},{"taxonomy":"post_tag","embeddable":true,"href":"https:\/\/taniec-nowoczesny.pl\/index.php?rest_route=%2Fwp%2Fv2%2Ftags&post=1405"}],"curies":[{"name":"wp","href":"https:\/\/api.w.org\/{rel}","templated":true}]}}